{"id":607,"date":"2012-05-13T11:42:48","date_gmt":"2012-05-13T09:42:48","guid":{"rendered":"http:\/\/blogs.neuwirth.priv.at\/bildungundstatistik\/?p=607"},"modified":"2012-05-13T11:42:48","modified_gmt":"2012-05-13T09:42:48","slug":"lesehilfe-fur-bildungspolitiker","status":"publish","type":"post","link":"https:\/\/blogs.neuwirth.priv.at\/bildungundstatistik\/2012\/05\/13\/lesehilfe-fur-bildungspolitiker\/","title":{"rendered":"Lesehilfe f\u00fcr Bildungspolitiker"},"content":{"rendered":"<p>Zu meinem im letzten Blogpost zitierten standard-Artikel <a href=\"http:\/\/derstandard.at\/1334796535727\/Erich-Neuwirth-Bildungspolitik-auf-Oberoesterreichisch\" title=\"Bildungspolitik auf Ober\u00f6sterreichisch\" target=\"_blank\">Bildungspolitik auf Ober\u00f6sterreichisch<\/a> gab es im standard einen Leserbrief, der besagte, dass die totale Verlegung der Lehrerausbildung an noch zu entwickelnde P\u00e4dagogische Universit\u00e4ten der anzustrebende Weg w\u00e4re. Die Argumentation in diesem Leserbrief ist aber nicht schl\u00fcssig, deswegen gibt&#8217;s eine Replik: <a href=\"http:\/\/derstandard.at\/1336563147370\/Erich-Neuwirth-Lesehilfe-fuer-Bildungspolitiker\" target=\"_blank\">Lesehilfe f\u00fcr Bildungspolitiker<\/a> <\/p>\n<div class=\"tweet_button92\" style=\"float: right; margin-left: 10px;\"><a href=\"http:\/\/twitter.com\/share\" rel=\"nofollow\" class=\"twitter-share-button\" data-url=\"https:\/\/blogs.neuwirth.priv.at\/bildungundstatistik\/2012\/05\/13\/lesehilfe-fur-bildungspolitiker\/\" data-text=\"Lesehilfe f\u00fcr Bildungspolitiker - Bildung und Statistik\" data-count=\"vertical\" data-lang=\"de\" data-via=\"neuwirthe\"  data-related=\"\"><\/a><\/div>","protected":false},"excerpt":{"rendered":"<p>Zu meinem im letzten Blogpost zitierten standard-Artikel Bildungspolitik auf Ober\u00f6sterreichisch gab es im standard einen Leserbrief, der besagte, dass die totale Verlegung der Lehrerausbildung an noch zu entwickelnde P\u00e4dagogische Universit\u00e4ten der anzustrebende Weg w\u00e4re. Die Argumentation in diesem Leserbrief ist aber nicht schl\u00fcssig, deswegen gibt&#8217;s eine Replik: Lesehilfe f\u00fcr Bildungspolitiker<\/p>\n<div class=\"tweet_button92\" style=\"float: right; margin-left: 10px;\"><a href=\"http:\/\/twitter.com\/share\" rel=\"nofollow\" class=\"twitter-share-button\" data-url=\"https:\/\/blogs.neuwirth.priv.at\/bildungundstatistik\/2012\/05\/13\/lesehilfe-fur-bildungspolitiker\/\" data-text=\"Lesehilfe f\u00fcr Bildungspolitiker - Bildung und Statistik\" data-count=\"vertical\" data-lang=\"de\" data-via=\"neuwirthe\"  data-related=\"\"><\/a><\/div>","protected":false},"author":2,"featured_media":0,"comment_status":"open","ping_status":"open","sticky":false,"template":"","format":"standard","meta":[],"categories":[1],"tags":[],"_links":{"self":[{"href":"https:\/\/blogs.neuwirth.priv.at\/bildungundstatistik\/wp-json\/wp\/v2\/posts\/607"}],"collection":[{"href":"https:\/\/blogs.neuwirth.priv.at\/bildungundstatistik\/wp-json\/wp\/v2\/posts"}],"about":[{"href":"https:\/\/blogs.neuwirth.priv.at\/bildungundstatistik\/wp-json\/wp\/v2\/types\/post"}],"author":[{"embeddable":true,"href":"https:\/\/blogs.neuwirth.priv.at\/bildungundstatistik\/wp-json\/wp\/v2\/users\/2"}],"replies":[{"embeddable":true,"href":"https:\/\/blogs.neuwirth.priv.at\/bildungundstatistik\/wp-json\/wp\/v2\/comments?post=607"}],"version-history":[{"count":5,"href":"https:\/\/blogs.neuwirth.priv.at\/bildungundstatistik\/wp-json\/wp\/v2\/posts\/607\/revisions"}],"predecessor-version":[{"id":612,"href":"https:\/\/blogs.neuwirth.priv.at\/bildungundstatistik\/wp-json\/wp\/v2\/posts\/607\/revisions\/612"}],"wp:attachment":[{"href":"https:\/\/blogs.neuwirth.priv.at\/bildungundstatistik\/wp-json\/wp\/v2\/media?parent=607"}],"wp:term":[{"taxonomy":"category","embeddable":true,"href":"https:\/\/blogs.neuwirth.priv.at\/bildungundstatistik\/wp-json\/wp\/v2\/categories?post=607"},{"taxonomy":"post_tag","embeddable":true,"href":"https:\/\/blogs.neuwirth.priv.at\/bildungundstatistik\/wp-json\/wp\/v2\/tags?post=607"}],"curies":[{"name":"wp","href":"https:\/\/api.w.org\/{rel}","templated":true}]}}