{"id":2140,"date":"2017-05-08T11:09:05","date_gmt":"2017-05-08T09:09:05","guid":{"rendered":"http:\/\/blogs.neuwirth.priv.at\/bildungundstatistik\/?p=2140"},"modified":"2017-05-08T11:09:05","modified_gmt":"2017-05-08T09:09:05","slug":"nochmals-statistische-nachlese-zur-bundespraesidenten-wahlaufhebung","status":"publish","type":"post","link":"https:\/\/blogs.neuwirth.priv.at\/bildungundstatistik\/2017\/05\/08\/nochmals-statistische-nachlese-zur-bundespraesidenten-wahlaufhebung\/","title":{"rendered":"Nochmals statistische Nachlese zur Bundespr\u00e4sidenten-Wahlaufhebung"},"content":{"rendered":"<p>Ich habe meine statistischen \u00dcberlegungen zur Aufhebung des 2. Wahlgangs der Bundespr\u00e4sidentenwahl jetzt <a href=\"http:\/\/interactive-statistics.csd.univie.ac.at\/BPW162shift\/\">in einem interaktiven Dokument<\/a><br \/>\naufbereitet.<\/p>\n<div class=\"tweet_button127\" style=\"float: right; margin-left: 10px;\"><a href=\"http:\/\/twitter.com\/share\" rel=\"nofollow\" class=\"twitter-share-button\" data-url=\"https:\/\/blogs.neuwirth.priv.at\/bildungundstatistik\/2017\/05\/08\/nochmals-statistische-nachlese-zur-bundespraesidenten-wahlaufhebung\/\" data-text=\"Nochmals statistische Nachlese zur Bundespr\u00e4sidenten-Wahlaufhebung - Bildung und Statistik\" data-count=\"vertical\" data-lang=\"de\" data-via=\"neuwirthe\"  data-related=\"\"><\/a><\/div>","protected":false},"excerpt":{"rendered":"<p>Ich habe meine statistischen \u00dcberlegungen zur Aufhebung des 2. Wahlgangs der Bundespr\u00e4sidentenwahl jetzt in einem interaktiven Dokument aufbereitet.<\/p>\n<div class=\"tweet_button127\" style=\"float: right; margin-left: 10px;\"><a href=\"http:\/\/twitter.com\/share\" rel=\"nofollow\" class=\"twitter-share-button\" data-url=\"https:\/\/blogs.neuwirth.priv.at\/bildungundstatistik\/2017\/05\/08\/nochmals-statistische-nachlese-zur-bundespraesidenten-wahlaufhebung\/\" data-text=\"Nochmals statistische Nachlese zur Bundespr\u00e4sidenten-Wahlaufhebung - Bildung und Statistik\" data-count=\"vertical\" data-lang=\"de\" data-via=\"neuwirthe\"  data-related=\"\"><\/a><\/div>","protected":false},"author":2,"featured_media":0,"comment_status":"open","ping_status":"open","sticky":false,"template":"","format":"standard","meta":[],"categories":[1],"tags":[],"_links":{"self":[{"href":"https:\/\/blogs.neuwirth.priv.at\/bildungundstatistik\/wp-json\/wp\/v2\/posts\/2140"}],"collection":[{"href":"https:\/\/blogs.neuwirth.priv.at\/bildungundstatistik\/wp-json\/wp\/v2\/posts"}],"about":[{"href":"https:\/\/blogs.neuwirth.priv.at\/bildungundstatistik\/wp-json\/wp\/v2\/types\/post"}],"author":[{"embeddable":true,"href":"https:\/\/blogs.neuwirth.priv.at\/bildungundstatistik\/wp-json\/wp\/v2\/users\/2"}],"replies":[{"embeddable":true,"href":"https:\/\/blogs.neuwirth.priv.at\/bildungundstatistik\/wp-json\/wp\/v2\/comments?post=2140"}],"version-history":[{"count":2,"href":"https:\/\/blogs.neuwirth.priv.at\/bildungundstatistik\/wp-json\/wp\/v2\/posts\/2140\/revisions"}],"predecessor-version":[{"id":2143,"href":"https:\/\/blogs.neuwirth.priv.at\/bildungundstatistik\/wp-json\/wp\/v2\/posts\/2140\/revisions\/2143"}],"wp:attachment":[{"href":"https:\/\/blogs.neuwirth.priv.at\/bildungundstatistik\/wp-json\/wp\/v2\/media?parent=2140"}],"wp:term":[{"taxonomy":"category","embeddable":true,"href":"https:\/\/blogs.neuwirth.priv.at\/bildungundstatistik\/wp-json\/wp\/v2\/categories?post=2140"},{"taxonomy":"post_tag","embeddable":true,"href":"https:\/\/blogs.neuwirth.priv.at\/bildungundstatistik\/wp-json\/wp\/v2\/tags?post=2140"}],"curies":[{"name":"wp","href":"https:\/\/api.w.org\/{rel}","templated":true}]}}