{"id":1869,"date":"2016-05-23T00:43:09","date_gmt":"2016-05-22T22:43:09","guid":{"rendered":"http:\/\/blogs.neuwirth.priv.at\/bildungundstatistik\/?p=1869"},"modified":"2016-05-23T01:02:05","modified_gmt":"2016-05-22T23:02:05","slug":"koennen-die-briefwahlstimmen-van-der-bellen-noch-zum-wahlsieger-machen","status":"publish","type":"post","link":"https:\/\/blogs.neuwirth.priv.at\/bildungundstatistik\/2016\/05\/23\/koennen-die-briefwahlstimmen-van-der-bellen-noch-zum-wahlsieger-machen\/","title":{"rendered":"K\u00f6nnen die Briefwahlstimmen Van der Bellen noch zum Wahlsieger machen?"},"content":{"rendered":"<p>Van der Bellen liegt beim Wahlergebnis ohne Briefwahlstimmen um 144.006 Stimmen hinter Hofer.<\/p>\n<p>Wir wissen zum jetzigen Zeitpunkt (22. Mai 2016, 00:18), dass es 738.055 abgegebene Briefwahlstimmen gibt.<\/p>\n<p>Beim 1. Wahlgang waren ungef\u00e4hr 1,54% der Briefwahlstimmen ung\u00fcltig. Wenn das diesmal wieder so ist, dann gibt es 727.686 g\u00fcltige Wahlkartenstimmen.<\/p>\n<p>Wenn Van der Bellen von diesen Wahlkartenstimmen 144.006 mehr Stimmen als Hofer erh\u00e4lt, dann ist er im Gesamtergebnis Erster. Dazu m\u00fcsste er er 59,9% der Wahlkartenstimmen erreichen.<\/p>\n<p>Kann sich das ausgehen?<\/p>\n<p>Bei den Wahllokalw\u00e4hlern hat Van der Bellen 48,1% der Stimmen. Er m\u00fcsste also bei den Wahlkartenw\u00e4hlern um 11,8% (59,9%-48,1%) besser abschneiden als bei den Wahllokalw\u00e4hlern.<\/p>\n<p>Im ersten Wahlgang hat Van der Bellen bei den Wahlkartenw\u00e4hlern um 7,7% besser und Hofer um 10,8% schlechter als bei den Wahllokalw\u00e4hlern abgeschnitten.<\/p>\n<p>Damals gabe es allerdings 6 Kandidaten. Es erscheint vern\u00fcnftig, anzunehmen, dass die Schere zwischen Wahlkartenw\u00e4hlern und Wahllokalw\u00e4hlern diesmal gr\u00f6\u00dfer ist als beim ersten Wahlgang.<\/p>\n<p>Daher ist es durchaus m\u00f6glich, dass Van der Bellen besser als Hofer abschneidet.<\/p>\n<p>Sicher ist es aber nicht.<\/p>\n<p>Die ORF-\u201eHochrechnung\u201c der Wahlkartenstimmen geht von 679.082 g\u00fcltigen Wahlkartenstimmen aus, also etwas weniger als es den letzen Informationen nach sein werden.<\/p>\n<p>Bei weniger g\u00fcltigen Wahlkartenstimmen m\u00fcsste der Anteilsunterschied zwischen Wahlkartenergebnis und Wahllokalergebnis gr\u00f6\u00dfer sein. Im ORF-Szenario m\u00fcsste Van der Bellen demnach bei den Wahlkartenstimmen um 12,8% besser als bei den Wahllokalstimmen abschneiden.<\/p>\n<p>Bei diesem knappen Rennen sind Prognosen \u00fcber den Sieger praktisch nicht methodisch sauber zu erstellen.<\/p>\n<div class=\"tweet_button131\" style=\"float: right; margin-left: 10px;\"><a href=\"http:\/\/twitter.com\/share\" rel=\"nofollow\" class=\"twitter-share-button\" data-url=\"https:\/\/blogs.neuwirth.priv.at\/bildungundstatistik\/2016\/05\/23\/koennen-die-briefwahlstimmen-van-der-bellen-noch-zum-wahlsieger-machen\/\" data-text=\"K\u00f6nnen die Briefwahlstimmen Van der Bellen noch zum Wahlsieger machen? - Bildung und Statistik\" data-count=\"vertical\" data-lang=\"de\" data-via=\"neuwirthe\"  data-related=\"\"><\/a><\/div>","protected":false},"excerpt":{"rendered":"<p>Van der Bellen liegt beim Wahlergebnis ohne Briefwahlstimmen um 144.006 Stimmen hinter Hofer. Wir wissen zum jetzigen Zeitpunkt (22. Mai 2016, 00:18), dass es 738.055 abgegebene Briefwahlstimmen gibt. Beim 1. Wahlgang waren ungef\u00e4hr 1,54% der Briefwahlstimmen ung\u00fcltig. Wenn das diesmal wieder so ist, dann gibt es 727.686 g\u00fcltige Wahlkartenstimmen. Wenn Van der Bellen von diesen [&hellip;]<\/p>\n<div class=\"tweet_button131\" style=\"float: right; margin-left: 10px;\"><a href=\"http:\/\/twitter.com\/share\" rel=\"nofollow\" class=\"twitter-share-button\" data-url=\"https:\/\/blogs.neuwirth.priv.at\/bildungundstatistik\/2016\/05\/23\/koennen-die-briefwahlstimmen-van-der-bellen-noch-zum-wahlsieger-machen\/\" data-text=\"K\u00f6nnen die Briefwahlstimmen Van der Bellen noch zum Wahlsieger machen? - Bildung und Statistik\" data-count=\"vertical\" data-lang=\"de\" data-via=\"neuwirthe\"  data-related=\"\"><\/a><\/div>","protected":false},"author":2,"featured_media":0,"comment_status":"open","ping_status":"open","sticky":false,"template":"","format":"standard","meta":[],"categories":[1],"tags":[],"_links":{"self":[{"href":"https:\/\/blogs.neuwirth.priv.at\/bildungundstatistik\/wp-json\/wp\/v2\/posts\/1869"}],"collection":[{"href":"https:\/\/blogs.neuwirth.priv.at\/bildungundstatistik\/wp-json\/wp\/v2\/posts"}],"about":[{"href":"https:\/\/blogs.neuwirth.priv.at\/bildungundstatistik\/wp-json\/wp\/v2\/types\/post"}],"author":[{"embeddable":true,"href":"https:\/\/blogs.neuwirth.priv.at\/bildungundstatistik\/wp-json\/wp\/v2\/users\/2"}],"replies":[{"embeddable":true,"href":"https:\/\/blogs.neuwirth.priv.at\/bildungundstatistik\/wp-json\/wp\/v2\/comments?post=1869"}],"version-history":[{"count":5,"href":"https:\/\/blogs.neuwirth.priv.at\/bildungundstatistik\/wp-json\/wp\/v2\/posts\/1869\/revisions"}],"predecessor-version":[{"id":1874,"href":"https:\/\/blogs.neuwirth.priv.at\/bildungundstatistik\/wp-json\/wp\/v2\/posts\/1869\/revisions\/1874"}],"wp:attachment":[{"href":"https:\/\/blogs.neuwirth.priv.at\/bildungundstatistik\/wp-json\/wp\/v2\/media?parent=1869"}],"wp:term":[{"taxonomy":"category","embeddable":true,"href":"https:\/\/blogs.neuwirth.priv.at\/bildungundstatistik\/wp-json\/wp\/v2\/categories?post=1869"},{"taxonomy":"post_tag","embeddable":true,"href":"https:\/\/blogs.neuwirth.priv.at\/bildungundstatistik\/wp-json\/wp\/v2\/tags?post=1869"}],"curies":[{"name":"wp","href":"https:\/\/api.w.org\/{rel}","templated":true}]}}